{"id":232,"date":"2018-02-05T00:38:54","date_gmt":"2018-02-04T23:38:54","guid":{"rendered":"http:\/\/fuenflehmanns.de\/blog\/?p=232"},"modified":"2018-09-18T18:32:15","modified_gmt":"2018-09-18T16:32:15","slug":"sommer-2005-keine-elbphilharmonie","status":"publish","type":"post","link":"https:\/\/fuenflehmanns.de\/blog\/2018\/02\/05\/sommer-2005-keine-elbphilharmonie\/","title":{"rendered":"Sommer 2005 &#8211; keine Elbphilharmonie"},"content":{"rendered":"<p>Hier waren wir im Sommer 2005&#8230;<\/p>\n<p><a href=\"http:\/\/fuenflehmanns.de\/blog\/wp-content\/uploads\/2016\/11\/sommer2005_keine_elbphilhar.jpg\"><img loading=\"lazy\" decoding=\"async\" class=\"wp-image-231 alignnone size-full\" src=\"http:\/\/fuenflehmanns.de\/blog\/wp-content\/uploads\/2016\/11\/sommer2005_keine_elbphilhar.jpg\" alt=\"\" width=\"512\" height=\"384\" srcset=\"https:\/\/fuenflehmanns.de\/blog\/wp-content\/uploads\/2016\/11\/sommer2005_keine_elbphilhar.jpg 512w, https:\/\/fuenflehmanns.de\/blog\/wp-content\/uploads\/2016\/11\/sommer2005_keine_elbphilhar-150x113.jpg 150w, https:\/\/fuenflehmanns.de\/blog\/wp-content\/uploads\/2016\/11\/sommer2005_keine_elbphilhar-300x225.jpg 300w, https:\/\/fuenflehmanns.de\/blog\/wp-content\/uploads\/2016\/11\/sommer2005_keine_elbphilhar-500x375.jpg 500w\" sizes=\"auto, (max-width: 512px) 100vw, 512px\" \/><\/a><\/p>\n<p>&#8230; keine Spur von Elbphilharmonie&#8230;<\/p>\n<p>Zwischenzeitlich haben sich die Hamburger etwas einfallen lassen.<\/p>\n<p><a href=\"http:\/\/fuenflehmanns.de\/blog\/wp-content\/uploads\/2017\/09\/wp-image-1634630097.jpg\"><img loading=\"lazy\" decoding=\"async\" class=\"wp-image-268 alignnone size-full\" src=\"http:\/\/fuenflehmanns.de\/blog\/wp-content\/uploads\/2017\/09\/wp-image-1634630097.jpg\" alt=\"\" width=\"800\" height=\"567\" srcset=\"https:\/\/fuenflehmanns.de\/blog\/wp-content\/uploads\/2017\/09\/wp-image-1634630097.jpg 800w, https:\/\/fuenflehmanns.de\/blog\/wp-content\/uploads\/2017\/09\/wp-image-1634630097-150x106.jpg 150w, https:\/\/fuenflehmanns.de\/blog\/wp-content\/uploads\/2017\/09\/wp-image-1634630097-300x213.jpg 300w, https:\/\/fuenflehmanns.de\/blog\/wp-content\/uploads\/2017\/09\/wp-image-1634630097-768x544.jpg 768w, https:\/\/fuenflehmanns.de\/blog\/wp-content\/uploads\/2017\/09\/wp-image-1634630097-500x354.jpg 500w\" sizes=\"auto, (max-width: 800px) 100vw, 800px\" \/><\/a><\/p>\n<p>Siehe da, am 2. September 2017, haben wir die Kamera nochmal in die gleiche Richtung gehalten&#8230;.<\/p>\n<p>Und am <strong>21. Januar 2018<\/strong> war sie schon wieder nicht mehr zu sehen, weil es am fr\u00fchen Abend immer noch richtig nebelig war.<\/p>\n<div id=\"attachment_285\" style=\"width: 721px\" class=\"wp-caption aligncenter\"><a href=\"http:\/\/fuenflehmanns.de\/blog\/wp-content\/uploads\/2016\/11\/20180121_elbphil_nebel.jpg\"><img loading=\"lazy\" decoding=\"async\" aria-describedby=\"caption-attachment-285\" class=\"wp-image-285 size-full\" src=\"http:\/\/fuenflehmanns.de\/blog\/wp-content\/uploads\/2016\/11\/20180121_elbphil_nebel.jpg\" alt=\"Elbph. im Nebel\" width=\"711\" height=\"449\" srcset=\"https:\/\/fuenflehmanns.de\/blog\/wp-content\/uploads\/2016\/11\/20180121_elbphil_nebel.jpg 711w, https:\/\/fuenflehmanns.de\/blog\/wp-content\/uploads\/2016\/11\/20180121_elbphil_nebel-150x95.jpg 150w, https:\/\/fuenflehmanns.de\/blog\/wp-content\/uploads\/2016\/11\/20180121_elbphil_nebel-300x189.jpg 300w, https:\/\/fuenflehmanns.de\/blog\/wp-content\/uploads\/2016\/11\/20180121_elbphil_nebel-500x316.jpg 500w\" sizes=\"auto, (max-width: 711px) 100vw, 711px\" \/><\/a><p id=\"caption-attachment-285\" class=\"wp-caption-text\">Elbphilharmonie im Nebel<\/p><\/div>\n<p>Damals im Sommer 2005 haben wir uns (als Bremer, die die geheimen Pl\u00e4ne der Hamburger absolut nicht kannten!) zweifelsohne keine Gedanken um eine Elbphilharmonie gemacht.<br \/>\nSp\u00e4ter haben wir uns dann nat\u00fcrlich gefragt, ob die Hamburger in ihrer sch\u00f6nen Stadt keinen Platz mehr f\u00fcr ein Konzerthaus hatten, dass sie dem Lagerhaus auch noch einen drauf setzen mussten. Naja, wer nicht gen\u00fcgend Platz hat, geht eben in die H\u00f6he.<\/p>\n<p>Aber die H\u00f6he hat ja auch ihren Vorteil; man kann n\u00e4mlich von oben runter ganz weit gucken.<\/p>\n<p>Vorausgesetzt man hat sich vorher der Tortur des Ausharrens in der schier endlosen Warteschlange\u00a0 v o r\u00a0 dem Einlass ausgesetzt. Und man ist da oben alleine &#8211; oder man dr\u00e4ngelt, um etwas sehen zu k\u00f6nnen.<\/p>\n<div id=\"attachment_639\" style=\"width: 464px\" class=\"wp-caption aligncenter\"><a href=\"http:\/\/fuenflehmanns.de\/blog\/wp-content\/uploads\/2018\/02\/elbphil_20170902.jpg\"><img loading=\"lazy\" decoding=\"async\" aria-describedby=\"caption-attachment-639\" class=\"wp-image-639 size-full\" src=\"http:\/\/fuenflehmanns.de\/blog\/wp-content\/uploads\/2018\/02\/elbphil_20170902.jpg\" alt=\"Elbphilharmonie 20170902\" width=\"454\" height=\"341\" srcset=\"https:\/\/fuenflehmanns.de\/blog\/wp-content\/uploads\/2018\/02\/elbphil_20170902.jpg 454w, https:\/\/fuenflehmanns.de\/blog\/wp-content\/uploads\/2018\/02\/elbphil_20170902-150x113.jpg 150w, https:\/\/fuenflehmanns.de\/blog\/wp-content\/uploads\/2018\/02\/elbphil_20170902-300x225.jpg 300w\" sizes=\"auto, (max-width: 454px) 100vw, 454px\" \/><\/a><p id=\"caption-attachment-639\" class=\"wp-caption-text\">Die tolle Aussicht von der Elbphilharmonie auf die Elbe&#8230;?<\/p><\/div>\n<p>&nbsp;<\/p>\n<div id=\"attachment_641\" style=\"width: 710px\" class=\"wp-caption aligncenter\"><a href=\"http:\/\/fuenflehmanns.de\/blog\/wp-content\/uploads\/2018\/02\/elbphil_20170902_aussicht.jpg\"><img loading=\"lazy\" decoding=\"async\" aria-describedby=\"caption-attachment-641\" class=\"wp-image-641 size-full\" src=\"http:\/\/fuenflehmanns.de\/blog\/wp-content\/uploads\/2018\/02\/elbphil_20170902_aussicht.jpg\" alt=\"Elbi: Aussicht\" width=\"700\" height=\"503\" srcset=\"https:\/\/fuenflehmanns.de\/blog\/wp-content\/uploads\/2018\/02\/elbphil_20170902_aussicht.jpg 700w, https:\/\/fuenflehmanns.de\/blog\/wp-content\/uploads\/2018\/02\/elbphil_20170902_aussicht-150x108.jpg 150w, https:\/\/fuenflehmanns.de\/blog\/wp-content\/uploads\/2018\/02\/elbphil_20170902_aussicht-300x216.jpg 300w, https:\/\/fuenflehmanns.de\/blog\/wp-content\/uploads\/2018\/02\/elbphil_20170902_aussicht-500x359.jpg 500w, https:\/\/fuenflehmanns.de\/blog\/wp-content\/uploads\/2018\/02\/elbphil_20170902_aussicht-520x374.jpg 520w\" sizes=\"auto, (max-width: 700px) 100vw, 700px\" \/><\/a><p id=\"caption-attachment-641\" class=\"wp-caption-text\">Die tolle Aussicht von der Elbphilharmonie auf die Elbe. Jetzt aber!<\/p><\/div>\n<p>Danke Hamburger, dass Ihr die Elbphilharmonie f\u00fcr uns gebaut habt!<\/p>\n<p>&nbsp;<\/p>\n<p>&nbsp;<\/p>\n","protected":false},"excerpt":{"rendered":"<p>Hier waren wir im Sommer 2005&#8230; &#8230; keine Spur von Elbphilharmonie&#8230; Zwischenzeitlich haben sich die Hamburger etwas einfallen lassen. Siehe da, am 2. September 2017, haben wir die Kamera nochmal in die gleiche Richtung&#46;&#46;&#46;<\/p>\n","protected":false},"author":3,"featured_media":231,"comment_status":"closed","ping_status":"closed","sticky":false,"template":"","format":"standard","meta":{"_coblocks_attr":"","_coblocks_dimensions":"","_coblocks_responsive_height":"","_coblocks_accordion_ie_support":"","footnotes":""},"categories":[1],"tags":[7,6],"class_list":["post-232","post","type-post","status-publish","format-standard","has-post-thumbnail","hentry","category-allgemein","tag-elbphilharmonie","tag-sommer-2005"],"_links":{"self":[{"href":"https:\/\/fuenflehmanns.de\/blog\/wp-json\/wp\/v2\/posts\/232","targetHints":{"allow":["GET"]}}],"collection":[{"href":"https:\/\/fuenflehmanns.de\/blog\/wp-json\/wp\/v2\/posts"}],"about":[{"href":"https:\/\/fuenflehmanns.de\/blog\/wp-json\/wp\/v2\/types\/post"}],"author":[{"embeddable":true,"href":"https:\/\/fuenflehmanns.de\/blog\/wp-json\/wp\/v2\/users\/3"}],"replies":[{"embeddable":true,"href":"https:\/\/fuenflehmanns.de\/blog\/wp-json\/wp\/v2\/comments?post=232"}],"version-history":[{"count":14,"href":"https:\/\/fuenflehmanns.de\/blog\/wp-json\/wp\/v2\/posts\/232\/revisions"}],"predecessor-version":[{"id":643,"href":"https:\/\/fuenflehmanns.de\/blog\/wp-json\/wp\/v2\/posts\/232\/revisions\/643"}],"wp:featuredmedia":[{"embeddable":true,"href":"https:\/\/fuenflehmanns.de\/blog\/wp-json\/wp\/v2\/media\/231"}],"wp:attachment":[{"href":"https:\/\/fuenflehmanns.de\/blog\/wp-json\/wp\/v2\/media?parent=232"}],"wp:term":[{"taxonomy":"category","embeddable":true,"href":"https:\/\/fuenflehmanns.de\/blog\/wp-json\/wp\/v2\/categories?post=232"},{"taxonomy":"post_tag","embeddable":true,"href":"https:\/\/fuenflehmanns.de\/blog\/wp-json\/wp\/v2\/tags?post=232"}],"curies":[{"name":"wp","href":"https:\/\/api.w.org\/{rel}","templated":true}]}}