{"id":29261,"date":"2022-11-14T23:34:26","date_gmt":"2022-11-14T22:34:26","guid":{"rendered":"https:\/\/fuenflehmanns.de\/blog\/?p=29261"},"modified":"2022-11-15T00:51:56","modified_gmt":"2022-11-14T23:51:56","slug":"herbst-zeit-fuer-zugvoegel","status":"publish","type":"post","link":"https:\/\/fuenflehmanns.de\/blog\/2022\/11\/14\/herbst-zeit-fuer-zugvoegel\/","title":{"rendered":"Herbst &#8211; Zeit f\u00fcr Zugv\u00f6gel"},"content":{"rendered":"\n<p class=\"has-text-align-left has-white-background-color has-background\"><\/p>\n\n\n<div class=\"wp-block-image is-style-default\">\n<figure class=\"alignleft size-full\"><a href=\"https:\/\/fuenflehmanns.de\/blog\/wp-content\/uploads\/2022\/11\/20221112104020_IMG_2571_mod2.jpg\"><img loading=\"lazy\" decoding=\"async\" width=\"605\" height=\"403\" src=\"https:\/\/fuenflehmanns.de\/blog\/wp-content\/uploads\/2022\/11\/20221112104020_IMG_2571_mod2.jpg\" alt=\"\" class=\"wp-image-29188\" srcset=\"https:\/\/fuenflehmanns.de\/blog\/wp-content\/uploads\/2022\/11\/20221112104020_IMG_2571_mod2.jpg 605w, https:\/\/fuenflehmanns.de\/blog\/wp-content\/uploads\/2022\/11\/20221112104020_IMG_2571_mod2-300x200.jpg 300w, https:\/\/fuenflehmanns.de\/blog\/wp-content\/uploads\/2022\/11\/20221112104020_IMG_2571_mod2-500x333.jpg 500w, https:\/\/fuenflehmanns.de\/blog\/wp-content\/uploads\/2022\/11\/20221112104020_IMG_2571_mod2-150x100.jpg 150w, https:\/\/fuenflehmanns.de\/blog\/wp-content\/uploads\/2022\/11\/20221112104020_IMG_2571_mod2-520x346.jpg 520w, https:\/\/fuenflehmanns.de\/blog\/wp-content\/uploads\/2022\/11\/20221112104020_IMG_2571_mod2-320x213.jpg 320w\" sizes=\"auto, (max-width: 605px) 100vw, 605px\" \/><\/a><figcaption class=\"wp-element-caption\"><mark style=\"color:#000000;background-color:rgba(0,0,0,0)\" class=\"has-inline-color has-black-color\">Das waren wieder Sekunden&#8230; Zugv\u00f6gel haben es eilig<\/mark><br \/><br \/><br \/>Sekunden sp\u00e4ter w\u00e4ren die V\u00f6gel nicht mehr zu sehen gewesen. Das war wieder mal ein Zufalls-Foto.Eigentlich wollte ich den Mond und die herbstlich gef\u00e4rbten B\u00e4ume auf dem Grundst\u00fcck gegen\u00fcber fotografieren.<br \/><br \/>Das sieht dann so aus:<\/figcaption><\/figure>\n<\/div>\n\n<div class=\"wp-block-image is-style-default\">\n<figure class=\"alignleft size-full\"><a href=\"https:\/\/fuenflehmanns.de\/blog\/wp-content\/uploads\/2022\/11\/20221112103518_IMG_2563_mod1.jpg\"><img loading=\"lazy\" decoding=\"async\" width=\"605\" height=\"403\" src=\"https:\/\/fuenflehmanns.de\/blog\/wp-content\/uploads\/2022\/11\/20221112103518_IMG_2563_mod1.jpg\" alt=\"herbstliche B\u00e4ume mit Mond\" class=\"wp-image-29220\" srcset=\"https:\/\/fuenflehmanns.de\/blog\/wp-content\/uploads\/2022\/11\/20221112103518_IMG_2563_mod1.jpg 605w, https:\/\/fuenflehmanns.de\/blog\/wp-content\/uploads\/2022\/11\/20221112103518_IMG_2563_mod1-300x200.jpg 300w, https:\/\/fuenflehmanns.de\/blog\/wp-content\/uploads\/2022\/11\/20221112103518_IMG_2563_mod1-500x333.jpg 500w, https:\/\/fuenflehmanns.de\/blog\/wp-content\/uploads\/2022\/11\/20221112103518_IMG_2563_mod1-150x100.jpg 150w, https:\/\/fuenflehmanns.de\/blog\/wp-content\/uploads\/2022\/11\/20221112103518_IMG_2563_mod1-520x346.jpg 520w, https:\/\/fuenflehmanns.de\/blog\/wp-content\/uploads\/2022\/11\/20221112103518_IMG_2563_mod1-320x213.jpg 320w\" sizes=\"auto, (max-width: 605px) 100vw, 605px\" \/><\/a><figcaption class=\"wp-element-caption\"><mark style=\"background-color:rgba(0, 0, 0, 0)\" class=\"has-inline-color has-black-color\">Die B\u00e4ume sind schon von den herbstlichen Winden reichlich entbl\u00e4ttert worden<\/mark><\/figcaption><\/figure>\n<\/div>","protected":false},"excerpt":{"rendered":"","protected":false},"author":6,"featured_media":29188,"comment_status":"open","ping_status":"closed","sticky":true,"template":"","format":"standard","meta":{"_coblocks_attr":"","_coblocks_dimensions":"","_coblocks_responsive_height":"","_coblocks_accordion_ie_support":"","footnotes":""},"categories":[1],"tags":[41,40,39,42],"class_list":["post-29261","post","type-post","status-publish","format-standard","has-post-thumbnail","hentry","category-allgemein","tag-baeume","tag-herbst","tag-mond","tag-voegel"],"_links":{"self":[{"href":"https:\/\/fuenflehmanns.de\/blog\/wp-json\/wp\/v2\/posts\/29261","targetHints":{"allow":["GET"]}}],"collection":[{"href":"https:\/\/fuenflehmanns.de\/blog\/wp-json\/wp\/v2\/posts"}],"about":[{"href":"https:\/\/fuenflehmanns.de\/blog\/wp-json\/wp\/v2\/types\/post"}],"author":[{"embeddable":true,"href":"https:\/\/fuenflehmanns.de\/blog\/wp-json\/wp\/v2\/users\/6"}],"replies":[{"embeddable":true,"href":"https:\/\/fuenflehmanns.de\/blog\/wp-json\/wp\/v2\/comments?post=29261"}],"version-history":[{"count":29,"href":"https:\/\/fuenflehmanns.de\/blog\/wp-json\/wp\/v2\/posts\/29261\/revisions"}],"predecessor-version":[{"id":29403,"href":"https:\/\/fuenflehmanns.de\/blog\/wp-json\/wp\/v2\/posts\/29261\/revisions\/29403"}],"wp:featuredmedia":[{"embeddable":true,"href":"https:\/\/fuenflehmanns.de\/blog\/wp-json\/wp\/v2\/media\/29188"}],"wp:attachment":[{"href":"https:\/\/fuenflehmanns.de\/blog\/wp-json\/wp\/v2\/media?parent=29261"}],"wp:term":[{"taxonomy":"category","embeddable":true,"href":"https:\/\/fuenflehmanns.de\/blog\/wp-json\/wp\/v2\/categories?post=29261"},{"taxonomy":"post_tag","embeddable":true,"href":"https:\/\/fuenflehmanns.de\/blog\/wp-json\/wp\/v2\/tags?post=29261"}],"curies":[{"name":"wp","href":"https:\/\/api.w.org\/{rel}","templated":true}]}}